{"id":280,"date":"2016-02-15T16:24:47","date_gmt":"2016-02-15T15:24:47","guid":{"rendered":"http:\/\/www.easytablettes.com\/blog\/?p=280"},"modified":"2016-02-15T16:37:16","modified_gmt":"2016-02-15T15:37:16","slug":"consumer-electronic-show-ces-2016-nous-presente-les-dernieres-innovations-connectees","status":"publish","type":"post","link":"https:\/\/www.easytablettes.com\/blog\/consumer-electronic-show-ces-2016-nous-presente-les-dernieres-innovations-connectees\/","title":{"rendered":"Consumer Electronic Show (CES) 2016 nous pr\u00e9sente les derni\u00e8res innovations connect\u00e9es"},"content":{"rendered":"<p dir=\"ltr\">Le c\u00e9l\u00e8bre CES 2016, qui se tient \u00e0 Las Vegas, a de nouveau tenu ses promesses en nous pr\u00e9sentant les toutes derni\u00e8res innovations du march\u00e9.<\/p>\n<p dir=\"ltr\"><strong>La France \u00e0 l\u2019honneur<\/strong><\/p>\n<p dir=\"ltr\">La French Tech fran\u00e7aise s\u2019est fait remarquer cette ann\u00e9e, notre ministre de l\u2019\u00e9conomie Emmanuel Macron s\u2019est m\u00eame rendu sur place pour montrer son soutien \u00e0 nos entreprises.<\/p>\n<p><!--more--><\/p>\n<p dir=\"ltr\">Giroptic, start-up lilloise, \u00e9tait l\u2019une des plus visible avec sa cam\u00e9ra 360\u00b0 en se positionnant sur le march\u00e9 des Action Cam, \u00e9cras\u00e9 par Go Pro. Son objectif est de pouvoir permettre au plus grand nombre de cr\u00e9er des vid\u00e9os toujours de meilleur qualit\u00e9. Gr\u00e2ce \u00e0 des applis et des plateformes, les vid\u00e9os peuvent \u00eatre visionn\u00e9es en r\u00e9alit\u00e9 virtuelle sur <a title=\"r\u00e9alit\u00e9 virtuelle sur smartphones \" href=\"http:\/\/www.e-marketing.fr\/Thematique\/etudes-1000\/Breves\/2016-dela-tendances-cles-consommation-262697.htm\" target=\"_blank\">smartphones<\/a> et tablettes. La cam\u00e9ra est \u00e9quip\u00e9 de tous les accessoires pour permettre un visionnage 3D.<\/p>\n<div style=\"width: 279px\" class=\"wp-caption aligncenter\"><a href=\"http:\/\/www.communication-publicite.com\/giroptic-propose-premiere-camera-360-degres-grand-public\/?doing_wp_cron=1455547454.5176849365234375000000\"><img loading=\"lazy\" decoding=\"async\" class=\"  \" alt=\"\" src=\"http:\/\/www.communication-publicite.com\/wp-content\/uploads\/communication-publicite.com\/2015\/01\/Cam-360-degr%C3%A9s.jpg\" width=\"269\" height=\"304\" \/><\/a><p class=\"wp-caption-text\">Giroptic: 1\u00e8re cam\u00e9ra 360\u00b0<\/p><\/div>\n<p dir=\"ltr\"><strong>La technologie 3D devient une r\u00e9alit\u00e9<\/strong><\/p>\n<p dir=\"ltr\"><a href=\"http:\/\/www.lenovo.com\/fr\/fr\/\" target=\"_blank\">Lenovo<\/a> a pr\u00e9sent\u00e9 son tout dernier projet, en partenariat avec Google: un smartphone poss\u00e9dant la nouvelle technologie Projet Tango. M\u00eame si la soci\u00e9t\u00e9 chinoise n\u2019avait pas de produit physique a pr\u00e9senter, elle a certifi\u00e9 que ce nouveau smartphone sera r\u00e9volutionnaire et accessible au plus grand nombre (mise en vente autour de 500 euros courant 2016). Cette initiative permettrait \u00e0 ses utilisateurs de voir son environnement en 3D. L\u2019id\u00e9e est qu\u2019\u00e0 travers l\u2019\u00e9cran du smartphone son usag\u00e9 puisse voir sa r\u00e9alit\u00e9 augment\u00e9e. Les applis pourront mesurer les dimensions d\u2019une pi\u00e8ce et tester diff\u00e9rentes tailles et styles de meubles par exemple. Bien d\u2019autres fonctionnalit\u00e9s seront mises \u00e0 disposition, Lenovo a mis une \u00e9quipe de 5000 d\u00e9veloppeurs sur le projet. Nous sommes impatient de voir le r\u00e9sultat!<\/p>\n<div style=\"width: 402px\" class=\"wp-caption aligncenter\"><img loading=\"lazy\" decoding=\"async\" alt=\"\" src=\"http:\/\/allcompanies.website\/wp-content\/uploads\/2016\/01\/b507cd14f748c19d41a3837ef676098c.jpg\" width=\"392\" height=\"294\" \/><p class=\"wp-caption-text\">Lenovo et Google d\u00e9veloppe le projet Tango<\/p><\/div>\n<p dir=\"ltr\"><strong>Les derni\u00e8res innovations tablettes<\/strong><\/p>\n<p dir=\"ltr\">Pour surfer sur la vague des futurs lancements produits du CES, nous nous sommes int\u00e9ress\u00e9 \u00e0 Samsung et sa nouvelle TabPro S. La tablette sera pourvue d\u2019un \u00e9cran Amoled de 12 pouces avec 2160&#215;144 pixels pour 693 grammes. La soci\u00e9t\u00e9 sud-cor\u00e9enne n\u2019a pas encore pr\u00e9cis\u00e9 le mode de configuration mais elle sugg\u00e8re fortement l\u2019utilisation d\u2019un processeur Intel Core M, de Windows 10, de 4Go de m\u00e9moire vive et de 128 Go de m\u00e9moire Flash. De plus, sa batterie aurait pr\u00e8s de 10 heures d\u2019autonomie et sa protection serait un clavier pliable. Il s\u2019agit l\u00e0 d\u2019un s\u00e9rieux concurrent du dernier <a href=\"http:\/\/www.apple.com\/befr\/ipad\/\" target=\"_blank\">Ipad Pro<\/a> d\u2019Apple avec une sortie pr\u00e9vue en f\u00e9vrier 2016.<\/p>\n<p dir=\"ltr\"><strong>Toujours plus d\u2019innovation<\/strong><\/p>\n<p dir=\"ltr\">Nous finirons notre br\u00e8ve en \u00e9voquant l\u2019apparition d\u2019un petit bijoux d\u2019innovation le \u00a0Cube Wifi! Ce concentr\u00e9 de technologie communique aussi bien en Wifi qu\u2019en Bluetooth et poss\u00e8de pr\u00e8s de 2To de donn\u00e9es. Pour seulement 113 grammes il pourra se connecter aux smartphones, tablettes et portables. Un simple navigateur internet et\/ou une application gratuite permettront l\u2019acc\u00e8s aux diff\u00e9rentes donn\u00e9es. Faseto annonce une vitesse de t\u00e9l\u00e9chargement de 1900Mbit\/s! Ce nouvel outil promets d\u2019\u00eatre tr\u00e8s utile et plut\u00f4t performant.<\/p>\n<p dir=\"ltr\">Vous cherchez \u00e0 tester ces \u00e9quipements ou \u00e0 utiliser ceux-ci pour une courte dur\u00e9e ? Tournez-vous vers un prestataire en <a title=\"Location Mac\" href=\"http:\/\/www.smartrental.fr\/#!blank\/ocjli\" target=\"_blank\">location Mac<\/a>. Vous pourrez alors louer les derni\u00e8res tablettes ou ordinateurs pour de courte dur\u00e9es<\/p>\n<div style=\"width: 446px\" class=\"wp-caption aligncenter\"><img loading=\"lazy\" decoding=\"async\" class=\"  \" alt=\"\" src=\"http:\/\/www.objetconnecte.net\/wp-content\/uploads\/2016\/01\/Cube-Link-Fasetto-890x395_c.jpg\" width=\"436\" height=\"194\" \/><p class=\"wp-caption-text\">Le cube Wifi Link+<\/p><\/div>\n","protected":false},"excerpt":{"rendered":"<p>Le c\u00e9l\u00e8bre CES 2016, qui se tient \u00e0 Las Vegas, a de nouveau tenu ses promesses en nous pr\u00e9sentant les toutes derni\u00e8res innovations du march\u00e9. La France \u00e0 l\u2019honneur La French Tech fran\u00e7aise s\u2019est fait remarquer cette ann\u00e9e, notre ministre de l\u2019\u00e9conomie Emmanuel Macron s\u2019est m\u00eame rendu sur place pour montrer son soutien \u00e0 nos [&hellip;]<\/p>\n","protected":false},"author":4,"featured_media":0,"comment_status":"closed","ping_status":"open","sticky":false,"template":"","format":"standard","meta":{"footnotes":""},"categories":[11,2,3],"tags":[9,10],"class_list":["post-280","post","type-post","status-publish","format-standard","hentry","category-clients-easytablettes","category-evenementiel","category-marketing-terrain","tag-location-ipad","tag-location-tablettes"],"_links":{"self":[{"href":"https:\/\/www.easytablettes.com\/blog\/wp-json\/wp\/v2\/posts\/280","targetHints":{"allow":["GET"]}}],"collection":[{"href":"https:\/\/www.easytablettes.com\/blog\/wp-json\/wp\/v2\/posts"}],"about":[{"href":"https:\/\/www.easytablettes.com\/blog\/wp-json\/wp\/v2\/types\/post"}],"author":[{"embeddable":true,"href":"https:\/\/www.easytablettes.com\/blog\/wp-json\/wp\/v2\/users\/4"}],"replies":[{"embeddable":true,"href":"https:\/\/www.easytablettes.com\/blog\/wp-json\/wp\/v2\/comments?post=280"}],"version-history":[{"count":4,"href":"https:\/\/www.easytablettes.com\/blog\/wp-json\/wp\/v2\/posts\/280\/revisions"}],"predecessor-version":[{"id":285,"href":"https:\/\/www.easytablettes.com\/blog\/wp-json\/wp\/v2\/posts\/280\/revisions\/285"}],"wp:attachment":[{"href":"https:\/\/www.easytablettes.com\/blog\/wp-json\/wp\/v2\/media?parent=280"}],"wp:term":[{"taxonomy":"category","embeddable":true,"href":"https:\/\/www.easytablettes.com\/blog\/wp-json\/wp\/v2\/categories?post=280"},{"taxonomy":"post_tag","embeddable":true,"href":"https:\/\/www.easytablettes.com\/blog\/wp-json\/wp\/v2\/tags?post=280"}],"curies":[{"name":"wp","href":"https:\/\/api.w.org\/{rel}","templated":true}]}}